{"id":1425,"__str__":"Projeto de Lei Ordin\u00e1ria n\u00ba 20 de 2022","link_detail_backend":"/materia/1425","metadata":{},"numero":20,"ano":2022,"numero_protocolo":null,"data_apresentacao":"2022-03-10","tipo_apresentacao":"E","data_publicacao":null,"numero_origem_externa":"","ano_origem_externa":null,"data_origem_externa":null,"apelido":"","dias_prazo":null,"data_fim_prazo":null,"em_tramitacao":false,"polemica":false,"objeto":"","complementar":false,"ementa":"Institui no \u00e2mbito do Munic\u00edpio de Canind\u00e9, a \u201cSemana Jana\u00edna Dutra, e adota outras provid\u00eancias.","indexacao":"","observacao":"","resultado":"","texto_original":"http://sapl.caninde.ce.leg.br/media/sapl/public/materialegislativa/2022/1425/pl_020-2022.pdf","data_ultima_atualizacao":"2022-09-19T16:35:41.988224-03:00","ip":"191.37.68.142","ultima_edicao":"2022-05-17T09:53:14.113851-03:00","tipo":1,"regime_tramitacao":1,"tipo_origem_externa":null,"local_origem_externa":null,"user":14,"anexadas":[],"autores":[22]}