{"id":2014,"__str__":"Requerimento n\u00ba 603 de 2022","link_detail_backend":"/materia/2014","metadata":{},"numero":603,"ano":2022,"numero_protocolo":null,"data_apresentacao":"2022-09-01","tipo_apresentacao":"E","data_publicacao":null,"numero_origem_externa":"","ano_origem_externa":null,"data_origem_externa":null,"apelido":"","dias_prazo":null,"data_fim_prazo":null,"em_tramitacao":false,"polemica":false,"objeto":"","complementar":false,"ementa":"Requer da Secretaria de Meio Ambiente, a poda das \u00e1rvores da Pra\u00e7a Aleardo Juc\u00e1 ou \u201cPra\u00e7a dos Milit\u00f5es\u201d, zona urbana neste Munic\u00edpio.","indexacao":"","observacao":"","resultado":"","texto_original":null,"data_ultima_atualizacao":"2022-09-19T16:10:26.805790-03:00","ip":"179.224.184.8","ultima_edicao":"2022-09-01T14:55:52.191457-03:00","tipo":3,"regime_tramitacao":1,"tipo_origem_externa":null,"local_origem_externa":null,"user":14,"anexadas":[],"autores":[22]}