{"id":2031,"__str__":"Mo\u00e7\u00e3o n\u00ba 36 de 2022","link_detail_backend":"/materia/2031","metadata":{},"numero":36,"ano":2022,"numero_protocolo":null,"data_apresentacao":"2022-09-01","tipo_apresentacao":"E","data_publicacao":null,"numero_origem_externa":"","ano_origem_externa":null,"data_origem_externa":null,"apelido":"","dias_prazo":null,"data_fim_prazo":null,"em_tramitacao":true,"polemica":false,"objeto":"","complementar":false,"ementa":"Requer Mo\u00e7\u00e3o de Aplausos aos Educadores F\u00edsicos de nossa cidade, em alus\u00e3o ao \u201cDia do Educador F\u00edsico\u201d, comemorado anualmente em 1\u00ba de Setembro.","indexacao":"","observacao":"","resultado":"","texto_original":null,"data_ultima_atualizacao":"2022-09-01T15:20:44.834461-03:00","ip":"179.224.184.8","ultima_edicao":"2022-09-01T15:14:00.842902-03:00","tipo":7,"regime_tramitacao":1,"tipo_origem_externa":null,"local_origem_externa":null,"user":14,"anexadas":[],"autores":[28]}