{"id":2046,"__str__":"Mo\u00e7\u00e3o n\u00ba 37 de 2022","link_detail_backend":"/materia/2046","metadata":{},"numero":37,"ano":2022,"numero_protocolo":null,"data_apresentacao":"2022-09-12","tipo_apresentacao":"E","data_publicacao":null,"numero_origem_externa":"","ano_origem_externa":null,"data_origem_externa":null,"apelido":"","dias_prazo":null,"data_fim_prazo":null,"em_tramitacao":true,"polemica":false,"objeto":"","complementar":false,"ementa":"Requer mo\u00e7\u00e3o de pesar \u00e0 Fam\u00edlia enlutada da Marli dos Santos Vieira. falecida em 1i de setembro de 2022","indexacao":"","observacao":"","resultado":"","texto_original":"http://sapl.caninde.ce.leg.br/media/sapl/public/materialegislativa/2022/2046/mocao.037.pesar.marli.pdf","data_ultima_atualizacao":"2022-09-19T10:23:10.519002-03:00","ip":"177.184.135.230","ultima_edicao":"2022-09-19T09:59:17.427476-03:00","tipo":7,"regime_tramitacao":1,"tipo_origem_externa":null,"local_origem_externa":null,"user":14,"anexadas":[],"autores":[19]}