{"id":2055,"__str__":"Requerimento n\u00ba 618 de 2022","link_detail_backend":"/materia/2055","metadata":{},"numero":618,"ano":2022,"numero_protocolo":null,"data_apresentacao":"2022-09-12","tipo_apresentacao":"E","data_publicacao":null,"numero_origem_externa":"","ano_origem_externa":null,"data_origem_externa":null,"apelido":"","dias_prazo":null,"data_fim_prazo":null,"em_tramitacao":true,"polemica":false,"objeto":"","complementar":false,"ementa":"Requer da Secretaria Municipal de Sa\u00fade, um relat\u00f3rio das a\u00e7\u00f5es desenvolvidas no Setembro Amarelo, m\u00eas de preven\u00e7\u00e3o ao suic\u00eddio.","indexacao":"","observacao":"","resultado":"","texto_original":null,"data_ultima_atualizacao":"2022-09-19T10:19:34.293557-03:00","ip":"177.184.135.230","ultima_edicao":"2022-09-19T10:15:49.589665-03:00","tipo":3,"regime_tramitacao":1,"tipo_origem_externa":null,"local_origem_externa":null,"user":14,"anexadas":[],"autores":[6]}