{"id":2056,"__str__":"Requerimento n\u00ba 619 de 2022","link_detail_backend":"/materia/2056","metadata":{},"numero":619,"ano":2022,"numero_protocolo":null,"data_apresentacao":"2022-09-12","tipo_apresentacao":"E","data_publicacao":null,"numero_origem_externa":"","ano_origem_externa":null,"data_origem_externa":null,"apelido":"","dias_prazo":null,"data_fim_prazo":null,"em_tramitacao":true,"polemica":false,"objeto":"","complementar":false,"ementa":"Requer do Secret\u00e1rio de Educa\u00e7\u00e3o Infantil e Fundamental de Canind\u00e9, a reforma da Escola Jos\u00e9 Cabral de Ara\u00fajo, Santana da Cal, Distrito de Bonito, zona rural do Munic\u00edpio.","indexacao":"","observacao":"","resultado":"","texto_original":null,"data_ultima_atualizacao":"2022-09-19T10:19:34.361011-03:00","ip":"177.184.135.230","ultima_edicao":"2022-09-19T10:16:41.375898-03:00","tipo":3,"regime_tramitacao":1,"tipo_origem_externa":null,"local_origem_externa":null,"user":14,"anexadas":[],"autores":[25]}