{"id":2068,"__str__":"Requerimento n\u00ba 627 de 2022","link_detail_backend":"/materia/2068","metadata":{},"numero":627,"ano":2022,"numero_protocolo":null,"data_apresentacao":"2022-09-19","tipo_apresentacao":"E","data_publicacao":null,"numero_origem_externa":"","ano_origem_externa":null,"data_origem_externa":null,"apelido":"","dias_prazo":null,"data_fim_prazo":null,"em_tramitacao":true,"polemica":false,"objeto":"","complementar":false,"ementa":"Requer do Secret\u00e1rio de Infraestrutura, o reparo das estradas da comunidade de Monte Vilar, pois devido as p\u00e9ssimas condi\u00e7\u00f5es da estrada os alunos da regi\u00e3o est\u00e3o sem transporte escolar.","indexacao":"","observacao":"","resultado":"","texto_original":null,"data_ultima_atualizacao":"2022-09-23T00:13:42.256486-03:00","ip":"201.20.66.84","ultima_edicao":"2022-09-23T00:10:56.261149-03:00","tipo":3,"regime_tramitacao":1,"tipo_origem_externa":null,"local_origem_externa":null,"user":14,"anexadas":[],"autores":[27]}