{"id":2108,"__str__":"Indica\u00e7\u00e3o n\u00ba 36 de 2022","link_detail_backend":"/materia/2108","metadata":{},"numero":36,"ano":2022,"numero_protocolo":null,"data_apresentacao":"2022-10-27","tipo_apresentacao":"E","data_publicacao":null,"numero_origem_externa":"","ano_origem_externa":null,"data_origem_externa":null,"apelido":"","dias_prazo":null,"data_fim_prazo":null,"em_tramitacao":true,"polemica":false,"objeto":"","complementar":false,"ementa":"Indica \u00e0 Sra. Prefeita Municipal, a denomina\u00e7\u00e3o da pra\u00e7a que est\u00e1 sendo reformada no Distrito de Ipu Monte Alegre, com o nome de Francisco Janu\u00e1rio de Lima \u201cChico Janu\u00e1rio\u201d, neste Munic\u00edpio.","indexacao":"","observacao":"","resultado":"","texto_original":null,"data_ultima_atualizacao":"2022-10-27T15:52:00.458872-03:00","ip":"201.20.78.213","ultima_edicao":"2022-10-27T15:11:58.327893-03:00","tipo":8,"regime_tramitacao":1,"tipo_origem_externa":null,"local_origem_externa":null,"user":14,"anexadas":[],"autores":[6]}